{"id":77,"date":"2013-11-12T23:40:09","date_gmt":"2013-11-12T21:40:09","guid":{"rendered":"http:\/\/testwp.kellergalerie.at\/?p=77"},"modified":"2013-11-26T13:19:35","modified_gmt":"2013-11-26T11:19:35","slug":"tagebucher-von-uta-heinecke","status":"publish","type":"post","link":"http:\/\/www.kellergalerie.at\/?p=77","title":{"rendered":"Tageb\u00fccher von Uta Heinecke"},"content":{"rendered":"<p><a href=\"http:\/\/testwp.kellergalerie.at\/wp-content\/uploads\/2013\/11\/einladung-Tageb\u00fccher-UH-2-Seite001.jpeg\"><img loading=\"lazy\" decoding=\"async\" class=\"alignnone size-medium wp-image-81\" alt=\"einladung Tageb\u00fccher UH 2-Seite001\" src=\"http:\/\/testwp.kellergalerie.at\/wp-content\/uploads\/2013\/11\/einladung-Tageb\u00fccher-UH-2-Seite001-300x150.jpeg\" width=\"300\" height=\"150\" srcset=\"http:\/\/kellergalerie.at\/wp-content\/uploads\/2013\/11\/einladung-Tageb\u00fccher-UH-2-Seite001-300x150.jpeg 300w, http:\/\/kellergalerie.at\/wp-content\/uploads\/2013\/11\/einladung-Tageb\u00fccher-UH-2-Seite001-624x312.jpeg 624w, http:\/\/kellergalerie.at\/wp-content\/uploads\/2013\/11\/einladung-Tageb\u00fccher-UH-2-Seite001.jpeg 909w\" sizes=\"(max-width: 300px) 100vw, 300px\" \/><\/a><\/p>\n<p><a href=\"http:\/\/testwp.kellergalerie.at\/wp-content\/uploads\/2013\/11\/einladung-Tageb\u00fccher-UH-2-Seite002.jpeg\"><img loading=\"lazy\" decoding=\"async\" class=\"alignnone size-medium wp-image-88\" alt=\"einladung Tageb\u00fccher UH 2-Seite002\" src=\"http:\/\/testwp.kellergalerie.at\/wp-content\/uploads\/2013\/11\/einladung-Tageb\u00fccher-UH-2-Seite002-300x150.jpeg\" width=\"300\" height=\"150\" srcset=\"http:\/\/kellergalerie.at\/wp-content\/uploads\/2013\/11\/einladung-Tageb\u00fccher-UH-2-Seite002-300x150.jpeg 300w, http:\/\/kellergalerie.at\/wp-content\/uploads\/2013\/11\/einladung-Tageb\u00fccher-UH-2-Seite002-624x312.jpeg 624w, http:\/\/kellergalerie.at\/wp-content\/uploads\/2013\/11\/einladung-Tageb\u00fccher-UH-2-Seite002.jpeg 909w\" sizes=\"(max-width: 300px) 100vw, 300px\" \/><\/a><span style=\"line-height: 1.714285714; font-size: 1rem;\">\u00a0<\/span><\/p>\n<div>\n<p><i>Die Ausstellung &#8222;Tageb\u00fccher&#8220; \u00a0<\/i><i>von Uta Heinecke ist weiterhin ge\u00f6ffnet am:<\/i><i>\u00a0<\/i><\/p>\n<ul>\n<li><i style=\"line-height: 1.714285714; font-size: 1rem;\">Di., 12.11.2013, 14-17h<\/i><\/li>\n<li><i style=\"line-height: 1.714285714; font-size: 1rem;\">Mi., 14.11.2013, 14-17h<\/i><\/li>\n<li><i style=\"line-height: 1.714285714; font-size: 1rem;\">Do., 21.11.2013, 14-17h<\/i><\/li>\n<li><i style=\"line-height: 1.714285714; font-size: 1rem;\">FR., 22.11.2013, 13-15h<\/i><\/li>\n<li><i style=\"line-height: 1.714285714; font-size: 1rem;\">Mi., 27.11.2013, 15-17h<\/i><\/li>\n<li><i style=\"line-height: 1.714285714; font-size: 1rem;\">Do., 28.11.2013, 17-21h<\/i><\/li>\n<li><em>Fr., 29.11.2013 17-19 h<\/em><\/li>\n<\/ul>\n<p><i>und wenn Licht brennt<\/i><\/p>\n<p><strong>Uta Heinecke: Tageb\u00fccher<\/strong><\/p>\n<\/div>\n<div><em id=\"__mceDel\">\u00a0<\/em><\/div>\n<div>Manche k\u00f6nnen nicht anders. Sie m\u00fcssen Malen. Gro\u00dfe Bilder, kleine Bilder, Tageb\u00fccher.<\/div>\n<div>Die Tageb\u00fccher entstehen spontan, sind Skizzen, Momentaufnahmen, spiegeln Erlebtes wieder.<\/div>\n<div>Oft erz\u00e4hlen sie Pers\u00f6nliches, das Davonfliegenwollen und das Wurzelschlagenwollen. Die Bilder sind poetisch-narrativ, autobiografisches, verschl\u00fcsselt.<\/div>\n<div>Einbaut wird Gefundenes: Symbole, Fremdes, Pers\u00f6nliches und Begegnungen, die Umgebung, die Natur, Reisen&#8230; Manchmal sehr konkret, manchmal als subjektive Erinnerung.<\/div>\n<div><\/div>\n<div>So tauchen in dem neuesten K\u00fcnstelerbuch &#8222;Pariser Tagebuch&#8220; Croissonts, Caf\u00e9s, Kleiderb\u00fcgel, Weingl\u00e4ser, die L\u00fcftungen des Centre George Pompidou, H\u00e4user, Autos, und Menschen auf, aber auch Gef\u00fchle, Farben, Abstraktes -expressive Malerei, lasieren, \u00fcbermalend, kratzend, spritzend, &#8230;<\/div>\n<div><\/div>\n<div>Es verkn\u00fcpfen sich verschiedene Ebenen, man findet Zitate fremder Maler oder Zeiten, der Kunstgeschichte, der L\u00e4nder&#8230;<\/div>\n<div>Die gr\u00f6\u00dferen Arbeiten sind oft durch \u00dcbermalungen entstanden, wobei das \u00dcbermalen wie L\u00f6schen von Erinnerungen ist, manches verschwindet und manches bleibt und wird in einen neuem Kontext gesetzt. Die Vergangenheit schimmert durch, ist im Hinter- oder Untergrund. Es wird vielschichtig.<\/div>\n<div><\/div>\n<div>Die Suche nach Harmonie und der Freiheit, der Harmonie der Farben, der innerlichen und \u00e4u\u00dferlichen Freiheit, dem Gleichgewicht wird in den spontanen Tagebuchbl\u00e4ttern besonders deutlich. Vielleicht ist keine Suche, sondern ein Finden&#8230;<\/div>\n<div><\/div>\n<div>Eine Auswahl der kleinen Arbeiten \/ Tagebuchbl\u00e4tter und K\u00fcnstlerb\u00fccher sind im November in der Kellergalerie art.ig zu sehen.<\/div>\n<div><\/div>\n<div><\/div>\n<div><a href=\"http:\/\/testwp.kellergalerie.at\/wp-content\/uploads\/2013\/11\/tagebuchturm-heinecke3klein.jpg\"><img loading=\"lazy\" decoding=\"async\" class=\"alignnone size-medium wp-image-95\" alt=\"tagebuchturm heinecke3klein\" src=\"http:\/\/testwp.kellergalerie.at\/wp-content\/uploads\/2013\/11\/tagebuchturm-heinecke3klein-72x300.jpg\" width=\"72\" height=\"300\" \/><\/a> <a href=\"http:\/\/testwp.kellergalerie.at\/wp-content\/uploads\/2013\/11\/tagebuchturm-heineckeklein.jpg\"><img loading=\"lazy\" decoding=\"async\" class=\"alignnone size-medium wp-image-96\" alt=\"tagebuchturm heineckeklein\" src=\"http:\/\/testwp.kellergalerie.at\/wp-content\/uploads\/2013\/11\/tagebuchturm-heineckeklein-59x300.jpg\" width=\"59\" height=\"300\" \/><\/a><\/div>\n<div><\/div>\n<div><\/div>\n<div>Abbildung: Tagebuchturm, 2013<\/div>\n<div><\/div>\n<div><\/div>\n<div><\/div>\n<p><a title=\"BLOG Uta Heinecke\" href=\"http:\/\/utaheinecke.blogspot.co.at\/\" target=\"_blank\">Mehr dazu auf\u00a0http:\/\/utaheinecke.blogspot.co.at\/<\/a><\/p>\n","protected":false},"excerpt":{"rendered":"<p>\u00a0 Die Ausstellung &#8222;Tageb\u00fccher&#8220; \u00a0von Uta Heinecke ist weiterhin ge\u00f6ffnet am:\u00a0 Di., 12.11.2013, 14-17h Mi., 14.11.2013, 14-17h Do., 21.11.2013, 14-17h FR., 22.11.2013, 13-15h Mi., 27.11.2013, 15-17h Do., 28.11.2013, 17-21h Fr., 29.11.2013 17-19 h und wenn Licht brennt Uta Heinecke: Tageb\u00fccher \u00a0 Manche k\u00f6nnen nicht anders. Sie m\u00fcssen Malen. Gro\u00dfe Bilder, kleine Bilder, Tageb\u00fccher. Die Tageb\u00fccher [&hellip;]<\/p>\n","protected":false},"author":1,"featured_media":0,"comment_status":"open","ping_status":"open","sticky":false,"template":"","format":"standard","meta":{"footnotes":""},"categories":[1],"tags":[],"_links":{"self":[{"href":"http:\/\/www.kellergalerie.at\/index.php?rest_route=\/wp\/v2\/posts\/77"}],"collection":[{"href":"http:\/\/www.kellergalerie.at\/index.php?rest_route=\/wp\/v2\/posts"}],"about":[{"href":"http:\/\/www.kellergalerie.at\/index.php?rest_route=\/wp\/v2\/types\/post"}],"author":[{"embeddable":true,"href":"http:\/\/www.kellergalerie.at\/index.php?rest_route=\/wp\/v2\/users\/1"}],"replies":[{"embeddable":true,"href":"http:\/\/www.kellergalerie.at\/index.php?rest_route=%2Fwp%2Fv2%2Fcomments&post=77"}],"version-history":[{"count":14,"href":"http:\/\/www.kellergalerie.at\/index.php?rest_route=\/wp\/v2\/posts\/77\/revisions"}],"predecessor-version":[{"id":80,"href":"http:\/\/www.kellergalerie.at\/index.php?rest_route=\/wp\/v2\/posts\/77\/revisions\/80"}],"wp:attachment":[{"href":"http:\/\/www.kellergalerie.at\/index.php?rest_route=%2Fwp%2Fv2%2Fmedia&parent=77"}],"wp:term":[{"taxonomy":"category","embeddable":true,"href":"http:\/\/www.kellergalerie.at\/index.php?rest_route=%2Fwp%2Fv2%2Fcategories&post=77"},{"taxonomy":"post_tag","embeddable":true,"href":"http:\/\/www.kellergalerie.at\/index.php?rest_route=%2Fwp%2Fv2%2Ftags&post=77"}],"curies":[{"name":"wp","href":"https:\/\/api.w.org\/{rel}","templated":true}]}}