{"id":743,"date":"2025-11-26T14:30:29","date_gmt":"2025-11-26T12:30:29","guid":{"rendered":"http:\/\/www.kellergalerie.at\/?p=743"},"modified":"2025-12-18T18:51:32","modified_gmt":"2025-12-18T16:51:32","slug":"2025","status":"publish","type":"post","link":"http:\/\/www.kellergalerie.at\/?p=743","title":{"rendered":"2025"},"content":{"rendered":"<div class=\"gmail_default\">\n<h2><b>Minis II<\/b><\/h2>\n<p>Wegen des gro\u00dfen Erfolges zeigen wir auch heuer wieder\u00a0 kurz vor Weihnachten <i>MINIS<\/i>, kleine Bilder, von Mitgliedern des\u00a0 K\u00fcnstler*innenhauses Wien, also bitte Kommen, Mitfeiern, Weihnachtsgeschenke sichern (first come, first served). Wir freuen uns auf Euch!<\/p>\n<h2><b>Finissage und\u00a0<\/b><b>Weihnachtsfeier <\/b><b>19.02. 2025 18 Uhr<\/b><\/h2>\n<p><img loading=\"lazy\" decoding=\"async\" class=\"alignnone wp-image-759\" src=\"http:\/\/kellergalerie.at\/wp-content\/uploads\/IMG_20251203_192330_crop-600x271.jpg\" alt=\"\" width=\"700\" height=\"316\" srcset=\"http:\/\/kellergalerie.at\/wp-content\/uploads\/IMG_20251203_192330_crop-600x271.jpg 600w, http:\/\/kellergalerie.at\/wp-content\/uploads\/IMG_20251203_192330_crop-900x406.jpg 900w, http:\/\/kellergalerie.at\/wp-content\/uploads\/IMG_20251203_192330_crop-150x68.jpg 150w, http:\/\/kellergalerie.at\/wp-content\/uploads\/IMG_20251203_192330_crop-768x346.jpg 768w, http:\/\/kellergalerie.at\/wp-content\/uploads\/IMG_20251203_192330_crop-1536x693.jpg 1536w, http:\/\/kellergalerie.at\/wp-content\/uploads\/IMG_20251203_192330_crop-2048x924.jpg 2048w, http:\/\/kellergalerie.at\/wp-content\/uploads\/IMG_20251203_192330_crop-624x281.jpg 624w\" sizes=\"(max-width: 700px) 100vw, 700px\" \/><\/p>\n<h2><b>Er\u00f6ffnung am Mittwoch, 3. Dezember 2025, 19 Uhr<\/b><\/h2>\n<\/div>\n<div class=\"gmail_default\">\n<p><b>Begr\u00fc\u00dfung | Er\u00f6ffnung<\/b><br \/>\ndurch die Schriftstellerin Gertraud Klemm<\/p>\n<div class=\"gmail_default\">\n<div>\n<div><img loading=\"lazy\" decoding=\"async\" class=\"alignnone wp-image-754 size-full\" src=\"http:\/\/kellergalerie.at\/wp-content\/uploads\/Einl-Minis.jpg\" alt=\"\" width=\"539\" height=\"794\" srcset=\"http:\/\/kellergalerie.at\/wp-content\/uploads\/Einl-Minis.jpg 539w, http:\/\/kellergalerie.at\/wp-content\/uploads\/Einl-Minis-407x600.jpg 407w, http:\/\/kellergalerie.at\/wp-content\/uploads\/Einl-Minis-102x150.jpg 102w\" sizes=\"(max-width: 539px) 100vw, 539px\" \/><\/div>\n<div><\/div>\n<\/div>\n<\/div>\n<p><strong>\u00d6ffnungszeiten <\/strong><br \/>\nDo \u00a04.12., 16\u201319 Uhr<br \/>\nDi \u00a0\u00a09.12., 16\u201319 Uhr<br \/>\nFr 12.12., 16\u201319 Uhr<br \/>\nDi 16.12., 16\u201319 Uhr<br \/>\nFr 19.12., ab 18 Uhr Finissage mit Gl\u00fchwein und Kekesen<\/p>\n<p>51 Mitglieder des K\u00fcnstler*innenhauses Wien verkaufen <i>MINI-<\/i>Originalarbeiten ab \u20ac 90 Euro (bis 290)\u00a0In vorweihnachtlicher Stimmung werden wir wieder alles machen, was in der Kunst verboten ist:<br \/>\nLagerabverkauf, Sonderangebote, Sofortmitnahme, Mengenrabatt, &#8230;\u00a0 Weihnachten ist also gerettet!\u00a0Wir freuen uns auf viele Besucher*innen, zur Er\u00f6ffnung und vor allem auch zu allen weiteren \u00d6ffnungszeiten.<\/p>\n<p>Die Ausstellung wird unterst\u00fctzt von der Kulturkommission des Bezirkes Landstrasse.<\/p>\n<\/div>\n<p>&nbsp;<\/p>\n<hr \/>\n<p>&nbsp;<\/p>\n<h2>Galerien und Atelierrundgang 2025<\/h2>\n<p><img loading=\"lazy\" decoding=\"async\" class=\"alignnone wp-image-752\" src=\"http:\/\/kellergalerie.at\/wp-content\/uploads\/Heinecke-Atelier-2025k-675x900.jpg\" alt=\"\" width=\"600\" height=\"800\" srcset=\"http:\/\/kellergalerie.at\/wp-content\/uploads\/Heinecke-Atelier-2025k-675x900.jpg 675w, http:\/\/kellergalerie.at\/wp-content\/uploads\/Heinecke-Atelier-2025k-450x600.jpg 450w, http:\/\/kellergalerie.at\/wp-content\/uploads\/Heinecke-Atelier-2025k-113x150.jpg 113w, http:\/\/kellergalerie.at\/wp-content\/uploads\/Heinecke-Atelier-2025k-768x1024.jpg 768w, http:\/\/kellergalerie.at\/wp-content\/uploads\/Heinecke-Atelier-2025k-1152x1536.jpg 1152w, http:\/\/kellergalerie.at\/wp-content\/uploads\/Heinecke-Atelier-2025k-1536x2048.jpg 1536w, http:\/\/kellergalerie.at\/wp-content\/uploads\/Heinecke-Atelier-2025k-624x832.jpg 624w, http:\/\/kellergalerie.at\/wp-content\/uploads\/Heinecke-Atelier-2025k-scaled.jpg 1920w\" sizes=\"(max-width: 600px) 100vw, 600px\" \/><\/p>\n","protected":false},"excerpt":{"rendered":"<p>Minis II Wegen des gro\u00dfen Erfolges zeigen wir auch heuer wieder\u00a0 kurz vor Weihnachten MINIS, kleine Bilder, von Mitgliedern des\u00a0 K\u00fcnstler*innenhauses Wien, also bitte Kommen, Mitfeiern, Weihnachtsgeschenke sichern (first come, first served). Wir freuen uns auf Euch! Finissage und\u00a0Weihnachtsfeier 19.02. 2025 18 Uhr Er\u00f6ffnung am Mittwoch, 3. Dezember 2025, 19 Uhr Begr\u00fc\u00dfung | Er\u00f6ffnung durch [&hellip;]<\/p>\n","protected":false},"author":1,"featured_media":0,"comment_status":"closed","ping_status":"closed","sticky":false,"template":"","format":"standard","meta":{"footnotes":""},"categories":[1],"tags":[],"_links":{"self":[{"href":"http:\/\/www.kellergalerie.at\/index.php?rest_route=\/wp\/v2\/posts\/743"}],"collection":[{"href":"http:\/\/www.kellergalerie.at\/index.php?rest_route=\/wp\/v2\/posts"}],"about":[{"href":"http:\/\/www.kellergalerie.at\/index.php?rest_route=\/wp\/v2\/types\/post"}],"author":[{"embeddable":true,"href":"http:\/\/www.kellergalerie.at\/index.php?rest_route=\/wp\/v2\/users\/1"}],"replies":[{"embeddable":true,"href":"http:\/\/www.kellergalerie.at\/index.php?rest_route=%2Fwp%2Fv2%2Fcomments&post=743"}],"version-history":[{"count":9,"href":"http:\/\/www.kellergalerie.at\/index.php?rest_route=\/wp\/v2\/posts\/743\/revisions"}],"predecessor-version":[{"id":760,"href":"http:\/\/www.kellergalerie.at\/index.php?rest_route=\/wp\/v2\/posts\/743\/revisions\/760"}],"wp:attachment":[{"href":"http:\/\/www.kellergalerie.at\/index.php?rest_route=%2Fwp%2Fv2%2Fmedia&parent=743"}],"wp:term":[{"taxonomy":"category","embeddable":true,"href":"http:\/\/www.kellergalerie.at\/index.php?rest_route=%2Fwp%2Fv2%2Fcategories&post=743"},{"taxonomy":"post_tag","embeddable":true,"href":"http:\/\/www.kellergalerie.at\/index.php?rest_route=%2Fwp%2Fv2%2Ftags&post=743"}],"curies":[{"name":"wp","href":"https:\/\/api.w.org\/{rel}","templated":true}]}}