{"id":667,"date":"2022-08-12T20:08:29","date_gmt":"2022-08-12T18:08:29","guid":{"rendered":"http:\/\/www.kellergalerie.at\/?p=667"},"modified":"2022-09-14T10:12:26","modified_gmt":"2022-09-14T08:12:26","slug":"2022","status":"publish","type":"post","link":"http:\/\/www.kellergalerie.at\/?p=667","title":{"rendered":"2022"},"content":{"rendered":"<h1>Ausstellung Senegal<\/h1>\n<p>Atelier- und Gelerienrundgang am 16. und 17. September 2022. 14-20 Uhr.<\/p>\n<div id=\"attachment_676\" style=\"width: 610px\" class=\"wp-caption alignnone\"><img loading=\"lazy\" decoding=\"async\" aria-describedby=\"caption-attachment-676\" class=\"wp-image-676 size-medium\" src=\"http:\/\/kellergalerie.at\/wp-content\/uploads\/utabeitrag-mit-xy-600x450.jpg\" alt=\"\" width=\"600\" height=\"450\" srcset=\"http:\/\/kellergalerie.at\/wp-content\/uploads\/utabeitrag-mit-xy-600x450.jpg 600w, http:\/\/kellergalerie.at\/wp-content\/uploads\/utabeitrag-mit-xy-150x113.jpg 150w, http:\/\/kellergalerie.at\/wp-content\/uploads\/utabeitrag-mit-xy-768x576.jpg 768w, http:\/\/kellergalerie.at\/wp-content\/uploads\/utabeitrag-mit-xy-900x675.jpg 900w, http:\/\/kellergalerie.at\/wp-content\/uploads\/utabeitrag-mit-xy-624x468.jpg 624w, http:\/\/kellergalerie.at\/wp-content\/uploads\/utabeitrag-mit-xy.jpg 1080w\" sizes=\"(max-width: 600px) 100vw, 600px\" \/><p id=\"caption-attachment-676\" class=\"wp-caption-text\">Beitrag Uta Heinecke Biennale Dak&#8217;Art off 2022 (Detail) mit Besucher<\/p><\/div>\n<div class=\"gmail_default\"><b>Wir haben am Freitag und Samstag von 14-20 Uhr ge\u00f6ffnet. <\/b><\/div>\n<div class=\"gmail_default\"><\/div>\n<div class=\"gmail_default\">Am Freitag um 18 er\u00f6ffnen wir offiziell und am Samstag um 16 Uhr werden wir von der <b>Biennale in Dakar 2022 <\/b>berichten.<\/div>\n<div class=\"gmail_default\"><\/div>\n<div class=\"gmail_default\"><b>Our spezial guest ist Ilja Mlosch (D)<\/b> mit seinem Video \u00fcber den Senegalesischen Alltag.<\/div>\n<div class=\"gmail_default\"><b>Uta Heinecke<\/b> (A) zeigt Malereien zum Thema sowie alle anderen die bei der Off- Station der Biennale Dak&#8217;Art2022 in N&#8217;Gaparou teilgenommen haben<b> Clara Joris (E), Ona Tav (Arg), Marta Stamenov (A), Asri Sayrac (D) sowie Gudrun Lenk_Wane<\/b>\u00a0 (Wien, Off in Dakar)<b> <\/b>werden mit Fotos vertreten sein. <b><\/b><\/div>\n<p>&nbsp;<\/p>\n<hr \/>\n<p>&nbsp;<\/p>\n<h1>Ausstellung Eiertanz<\/h1>\n<p><img loading=\"lazy\" decoding=\"async\" class=\"size-medium wp-image-669 alignnone\" src=\"http:\/\/kellergalerie.at\/wp-content\/uploads\/Eierkarton-12-571x600.jpg\" alt=\"\" width=\"571\" height=\"600\" srcset=\"http:\/\/kellergalerie.at\/wp-content\/uploads\/Eierkarton-12-571x600.jpg 571w, http:\/\/kellergalerie.at\/wp-content\/uploads\/Eierkarton-12-143x150.jpg 143w, http:\/\/kellergalerie.at\/wp-content\/uploads\/Eierkarton-12-768x807.jpg 768w, http:\/\/kellergalerie.at\/wp-content\/uploads\/Eierkarton-12-857x900.jpg 857w, http:\/\/kellergalerie.at\/wp-content\/uploads\/Eierkarton-12-624x655.jpg 624w, http:\/\/kellergalerie.at\/wp-content\/uploads\/Eierkarton-12.jpg 1134w\" sizes=\"(max-width: 571px) 100vw, 571px\" \/><br \/>\nSoftopening<br \/>\nSa, 2. April, 11-17 Uhr mit einem Kunst_Eier_Fr\u00fchst\u00fcck<br \/>\nDo, 7. April, 15-18 Uhr K\u00fcnstlerinnengespr\u00e4ch mit Eier_Lik\u00f6r<br \/>\nDo, 14. April, 15-18 Uhr mit Gr\u00fcn_Donnerstag_Eiern<\/p>\n<p>Finissage Do, 21. April, 15-18 Uhr<\/p>\n<p><img loading=\"lazy\" decoding=\"async\" class=\"alignnone wp-image-360\" src=\"http:\/\/kellergalerie.at\/wp-content\/uploads\/2016\/11\/03_Landstrasse-logo-klein-239x300.jpg\" alt=\"\" width=\"135\" height=\"169\" srcset=\"http:\/\/kellergalerie.at\/wp-content\/uploads\/2016\/11\/03_Landstrasse-logo-klein-239x300.jpg 239w, http:\/\/kellergalerie.at\/wp-content\/uploads\/2016\/11\/03_Landstrasse-logo-klein.jpg 599w\" sizes=\"(max-width: 135px) 100vw, 135px\" \/><\/p>\n<p>Die Ausstellung kann auch nach telefonischer Vereinbarung (U.H: 0699-19095177, S.G.: 0699- 15243830), und wenn Licht brennt, besichtigt werden.<\/p>\n<p>&nbsp;<\/p>\n","protected":false},"excerpt":{"rendered":"<p>Ausstellung Senegal Atelier- und Gelerienrundgang am 16. und 17. September 2022. 14-20 Uhr. Wir haben am Freitag und Samstag von 14-20 Uhr ge\u00f6ffnet. Am Freitag um 18 er\u00f6ffnen wir offiziell und am Samstag um 16 Uhr werden wir von der Biennale in Dakar 2022 berichten. Our spezial guest ist Ilja Mlosch (D) mit seinem Video [&hellip;]<\/p>\n","protected":false},"author":1,"featured_media":0,"comment_status":"closed","ping_status":"closed","sticky":false,"template":"","format":"standard","meta":{"footnotes":""},"categories":[1],"tags":[],"_links":{"self":[{"href":"http:\/\/www.kellergalerie.at\/index.php?rest_route=\/wp\/v2\/posts\/667"}],"collection":[{"href":"http:\/\/www.kellergalerie.at\/index.php?rest_route=\/wp\/v2\/posts"}],"about":[{"href":"http:\/\/www.kellergalerie.at\/index.php?rest_route=\/wp\/v2\/types\/post"}],"author":[{"embeddable":true,"href":"http:\/\/www.kellergalerie.at\/index.php?rest_route=\/wp\/v2\/users\/1"}],"replies":[{"embeddable":true,"href":"http:\/\/www.kellergalerie.at\/index.php?rest_route=%2Fwp%2Fv2%2Fcomments&post=667"}],"version-history":[{"count":4,"href":"http:\/\/www.kellergalerie.at\/index.php?rest_route=\/wp\/v2\/posts\/667\/revisions"}],"predecessor-version":[{"id":677,"href":"http:\/\/www.kellergalerie.at\/index.php?rest_route=\/wp\/v2\/posts\/667\/revisions\/677"}],"wp:attachment":[{"href":"http:\/\/www.kellergalerie.at\/index.php?rest_route=%2Fwp%2Fv2%2Fmedia&parent=667"}],"wp:term":[{"taxonomy":"category","embeddable":true,"href":"http:\/\/www.kellergalerie.at\/index.php?rest_route=%2Fwp%2Fv2%2Fcategories&post=667"},{"taxonomy":"post_tag","embeddable":true,"href":"http:\/\/www.kellergalerie.at\/index.php?rest_route=%2Fwp%2Fv2%2Ftags&post=667"}],"curies":[{"name":"wp","href":"https:\/\/api.w.org\/{rel}","templated":true}]}}