{"id":637,"date":"2020-08-27T19:45:01","date_gmt":"2020-08-27T17:45:01","guid":{"rendered":"http:\/\/www.kellergalerie.at\/?p=637"},"modified":"2020-08-27T19:48:39","modified_gmt":"2020-08-27T17:48:39","slug":"bilder-aus-der-quarantaene-galerienrundgang-2020","status":"publish","type":"post","link":"http:\/\/www.kellergalerie.at\/?p=637","title":{"rendered":"Bilder aus der Quarant\u00e4ne &#8211; Galerienrundgang 2020"},"content":{"rendered":"<p><strong>Galerien- und Atelierrundgang am 18. + 19.<\/strong> September 2020 von 14 bis 20 Uhr<br \/>\n<strong>Bilder aus der Quarant\u00e4ne<\/strong><\/p>\n<p><img loading=\"lazy\" decoding=\"async\" class=\"size-medium wp-image-650 alignleft\" src=\"http:\/\/kellergalerie.at\/wp-content\/uploads\/Ecker-Pamela-2020-471x600.jpg\" alt=\"\" width=\"471\" height=\"600\" srcset=\"http:\/\/kellergalerie.at\/wp-content\/uploads\/Ecker-Pamela-2020-471x600.jpg 471w, http:\/\/kellergalerie.at\/wp-content\/uploads\/Ecker-Pamela-2020-118x150.jpg 118w, http:\/\/kellergalerie.at\/wp-content\/uploads\/Ecker-Pamela-2020-768x979.jpg 768w, http:\/\/kellergalerie.at\/wp-content\/uploads\/Ecker-Pamela-2020-706x900.jpg 706w, http:\/\/kellergalerie.at\/wp-content\/uploads\/Ecker-Pamela-2020-624x795.jpg 624w, http:\/\/kellergalerie.at\/wp-content\/uploads\/Ecker-Pamela-2020.jpg 1720w\" sizes=\"(max-width: 471px) 100vw, 471px\" \/>Die Kunst reflektiert auch immer die aktuelle Situation. So sieht und sp\u00fcrt man in den Bildern aus der<br \/>\nZeit der Ausgangsbeschr\u00e4nkungen eine gro\u00dfe Einsamkeit. Die Bilder von D\u00e9r, Ecker und Heinecke<br \/>\nhandeln von pers\u00f6nlichen Beziehungen, Isolation und wirken ein wenig traurig oder melancholisch.<br \/>\nSie erz\u00e4hlen viel \u00fcber die Krise. In der Videoanimation \u201eStichprobe\u201c von Eva Taskovics wird die<br \/>\nTemperatur am Flughafen gemessen. Die an Infektionsherde erinnernden roten Punkte kommen und<br \/>\ngehen\u2026<br \/>\nPamela Ecker: &#8222;Wir alle auf Abstand&#8220;, 2020, \u00d6l auf Leinwand, 50 x 40 cm<br \/>\nZus\u00e4tzlich werden die Corona-Projekte von Marta Stamenov und Peter Braunsteiner vorgestellt.<br \/>\nIn dem Charity- Projekt von Marta Stamenov wurden, unter internationaler Beteiligung, 1000+1<br \/>\nKraniche f\u00fcr einen guten Zweck gefaltet.<br \/>\nPeter Braunsteiner untersuchte f\u00fcr sein K\u00fcnstlerhaus-Projekt \u201eOUTBACKINSIDE\u201c k\u00fcnstlerische<br \/>\nArbeitsprozesse in der Krise. \u201eEs ist der Versuch, den inneren Verh\u00e4ltnissen und deren<br \/>\nWechselwirkung mit \u00e4u\u00dferen Umst\u00e4nden auf die Spur zu kommen.\u201c<\/p>\n<p><a href=\"http:\/\/kellergalerie.at\/wp-content\/uploads\/Wanderkarte-2020-Atelier-und-Galerierundgang-im-3.pdf\">Wanderkarte-2020-Atelier-und-Galerierundgang-im-3<\/a> <a href=\"http:\/\/kellergalerie.at\/wp-content\/uploads\/Rundgang-kellergalerie-2020.pdf\">Rundgang kellergalerie 2020<\/a><\/p>\n<p><img loading=\"lazy\" decoding=\"async\" class=\"wp-image-360 aligncenter\" src=\"http:\/\/kellergalerie.at\/wp-content\/uploads\/2016\/11\/03_Landstrasse-logo-klein-239x300.jpg\" alt=\"\" width=\"84\" height=\"106\" srcset=\"http:\/\/kellergalerie.at\/wp-content\/uploads\/2016\/11\/03_Landstrasse-logo-klein-239x300.jpg 239w, http:\/\/kellergalerie.at\/wp-content\/uploads\/2016\/11\/03_Landstrasse-logo-klein.jpg 599w\" sizes=\"(max-width: 84px) 100vw, 84px\" \/><\/p>\n","protected":false},"excerpt":{"rendered":"<p>Galerien- und Atelierrundgang am 18. + 19. September 2020 von 14 bis 20 Uhr Bilder aus der Quarant\u00e4ne Die Kunst reflektiert auch immer die aktuelle Situation. So sieht und sp\u00fcrt man in den Bildern aus der Zeit der Ausgangsbeschr\u00e4nkungen eine gro\u00dfe Einsamkeit. Die Bilder von D\u00e9r, Ecker und Heinecke handeln von pers\u00f6nlichen Beziehungen, Isolation und [&hellip;]<\/p>\n","protected":false},"author":1,"featured_media":0,"comment_status":"closed","ping_status":"closed","sticky":false,"template":"","format":"standard","meta":{"footnotes":""},"categories":[1],"tags":[],"_links":{"self":[{"href":"http:\/\/www.kellergalerie.at\/index.php?rest_route=\/wp\/v2\/posts\/637"}],"collection":[{"href":"http:\/\/www.kellergalerie.at\/index.php?rest_route=\/wp\/v2\/posts"}],"about":[{"href":"http:\/\/www.kellergalerie.at\/index.php?rest_route=\/wp\/v2\/types\/post"}],"author":[{"embeddable":true,"href":"http:\/\/www.kellergalerie.at\/index.php?rest_route=\/wp\/v2\/users\/1"}],"replies":[{"embeddable":true,"href":"http:\/\/www.kellergalerie.at\/index.php?rest_route=%2Fwp%2Fv2%2Fcomments&post=637"}],"version-history":[{"count":6,"href":"http:\/\/www.kellergalerie.at\/index.php?rest_route=\/wp\/v2\/posts\/637\/revisions"}],"predecessor-version":[{"id":653,"href":"http:\/\/www.kellergalerie.at\/index.php?rest_route=\/wp\/v2\/posts\/637\/revisions\/653"}],"wp:attachment":[{"href":"http:\/\/www.kellergalerie.at\/index.php?rest_route=%2Fwp%2Fv2%2Fmedia&parent=637"}],"wp:term":[{"taxonomy":"category","embeddable":true,"href":"http:\/\/www.kellergalerie.at\/index.php?rest_route=%2Fwp%2Fv2%2Fcategories&post=637"},{"taxonomy":"post_tag","embeddable":true,"href":"http:\/\/www.kellergalerie.at\/index.php?rest_route=%2Fwp%2Fv2%2Ftags&post=637"}],"curies":[{"name":"wp","href":"https:\/\/api.w.org\/{rel}","templated":true}]}}