{"id":625,"date":"2019-11-11T11:01:37","date_gmt":"2019-11-11T09:01:37","guid":{"rendered":"http:\/\/www.kellergalerie.at\/?p=625"},"modified":"2019-11-27T10:06:12","modified_gmt":"2019-11-27T08:06:12","slug":"resumee-2019-alles-konsum","status":"publish","type":"post","link":"http:\/\/www.kellergalerie.at\/?p=625","title":{"rendered":"Ich habe nie mit Puppen gespielt Teil 2 -Resumee 2019 &#8211; Alles Konsum!"},"content":{"rendered":"<p>Am 5. Dezember 2019 um 19 Uhr er\u00f6ffnet die Ausstellung<\/p>\n<p>Ich habe nie mit Puppen gespielt. (Resumee 2019 &#8211; Alles Konsum!)<\/p>\n<p><a href=\"http:\/\/www.utaheinecke.at\/malerei\/puppenserie\/\"><img loading=\"lazy\" decoding=\"async\" class=\"alignnone wp-image-626 size-medium\" src=\"http:\/\/kellergalerie.at\/wp-content\/uploads\/Lets-dance-heinecke-2019-puppe-80x100-600x481.jpg\" alt=\"\" width=\"600\" height=\"481\" srcset=\"http:\/\/kellergalerie.at\/wp-content\/uploads\/Lets-dance-heinecke-2019-puppe-80x100-600x481.jpg 600w, http:\/\/kellergalerie.at\/wp-content\/uploads\/Lets-dance-heinecke-2019-puppe-80x100-150x120.jpg 150w, http:\/\/kellergalerie.at\/wp-content\/uploads\/Lets-dance-heinecke-2019-puppe-80x100-768x616.jpg 768w, http:\/\/kellergalerie.at\/wp-content\/uploads\/Lets-dance-heinecke-2019-puppe-80x100-900x722.jpg 900w, http:\/\/kellergalerie.at\/wp-content\/uploads\/Lets-dance-heinecke-2019-puppe-80x100-624x501.jpg 624w, http:\/\/kellergalerie.at\/wp-content\/uploads\/Lets-dance-heinecke-2019-puppe-80x100.jpg 1496w\" sizes=\"(max-width: 600px) 100vw, 600px\" \/><\/a><\/p>\n<p>Wir m\u00f6chten das Jahr Revue passieren lassen und bei einem Glas Punsch nachdenken \u00fcber Weihnachten, Konsum und Kunst.<\/p>\n<p>Es passiert zu Weihnachten alles was nicht sein darf: Lagerabverkauf, Rabatte, Sonderpreise, Konsum!<\/p>\n<p>Uta Heinecke ist auch anwesend am 6. + 13. Dezember 2019 von 17 bis 19 Uhr.<br \/>\nDavor \/ ab 15 Uhr F\u00fchrung durch die 2. Ausstellung (zweiter Teil der Puppenserie)<br \/>\nin der Produzentengalerie | Marc Aurel Str. 10.<\/p>\n<p><a href=\"http:\/\/www.utaheinecke.at\/malerei\/puppenserie\/\">Uta Heinecke: Puppenserie (Bilder und Info)<\/a><\/p>\n<p><img loading=\"lazy\" decoding=\"async\" class=\"wp-image-360 alignleft\" src=\"http:\/\/kellergalerie.at\/wp-content\/uploads\/2016\/11\/03_Landstrasse-logo-klein-239x300.jpg\" alt=\"\" width=\"86\" height=\"108\" srcset=\"http:\/\/kellergalerie.at\/wp-content\/uploads\/2016\/11\/03_Landstrasse-logo-klein-239x300.jpg 239w, http:\/\/kellergalerie.at\/wp-content\/uploads\/2016\/11\/03_Landstrasse-logo-klein.jpg 599w\" sizes=\"(max-width: 86px) 100vw, 86px\" \/><\/p>\n<p>&nbsp;<\/p>\n<p>Wir danken dem Bezirk f\u00fcr die freundliche Unterst\u00fctzung!<\/p>\n","protected":false},"excerpt":{"rendered":"<p>Am 5. Dezember 2019 um 19 Uhr er\u00f6ffnet die Ausstellung Ich habe nie mit Puppen gespielt. (Resumee 2019 &#8211; Alles Konsum!) Wir m\u00f6chten das Jahr Revue passieren lassen und bei einem Glas Punsch nachdenken \u00fcber Weihnachten, Konsum und Kunst. Es passiert zu Weihnachten alles was nicht sein darf: Lagerabverkauf, Rabatte, Sonderpreise, Konsum! Uta Heinecke ist [&hellip;]<\/p>\n","protected":false},"author":1,"featured_media":0,"comment_status":"closed","ping_status":"closed","sticky":false,"template":"","format":"standard","meta":{"footnotes":""},"categories":[1],"tags":[],"_links":{"self":[{"href":"http:\/\/www.kellergalerie.at\/index.php?rest_route=\/wp\/v2\/posts\/625"}],"collection":[{"href":"http:\/\/www.kellergalerie.at\/index.php?rest_route=\/wp\/v2\/posts"}],"about":[{"href":"http:\/\/www.kellergalerie.at\/index.php?rest_route=\/wp\/v2\/types\/post"}],"author":[{"embeddable":true,"href":"http:\/\/www.kellergalerie.at\/index.php?rest_route=\/wp\/v2\/users\/1"}],"replies":[{"embeddable":true,"href":"http:\/\/www.kellergalerie.at\/index.php?rest_route=%2Fwp%2Fv2%2Fcomments&post=625"}],"version-history":[{"count":8,"href":"http:\/\/www.kellergalerie.at\/index.php?rest_route=\/wp\/v2\/posts\/625\/revisions"}],"predecessor-version":[{"id":635,"href":"http:\/\/www.kellergalerie.at\/index.php?rest_route=\/wp\/v2\/posts\/625\/revisions\/635"}],"wp:attachment":[{"href":"http:\/\/www.kellergalerie.at\/index.php?rest_route=%2Fwp%2Fv2%2Fmedia&parent=625"}],"wp:term":[{"taxonomy":"category","embeddable":true,"href":"http:\/\/www.kellergalerie.at\/index.php?rest_route=%2Fwp%2Fv2%2Fcategories&post=625"},{"taxonomy":"post_tag","embeddable":true,"href":"http:\/\/www.kellergalerie.at\/index.php?rest_route=%2Fwp%2Fv2%2Ftags&post=625"}],"curies":[{"name":"wp","href":"https:\/\/api.w.org\/{rel}","templated":true}]}}