{"id":611,"date":"2019-09-21T12:21:44","date_gmt":"2019-09-21T10:21:44","guid":{"rendered":"http:\/\/www.kellergalerie.at\/?p=611"},"modified":"2019-10-01T10:58:19","modified_gmt":"2019-10-01T08:58:19","slug":"atelier-und-galerien-rundgang-1030","status":"publish","type":"post","link":"http:\/\/www.kellergalerie.at\/?p=611","title":{"rendered":"Atelier und Galerien Rundgang 1030"},"content":{"rendered":"<p>Freitag 27. und Sa. 28. Sept. 14-20 Uhr. | Rundgang Freitag 18 Uhr Teffpunkt in der Galerie.<\/p>\n<p><strong>Weitere \u00d6ffnungszeiten<\/strong> mit Anwesenheit von UH:<br \/>\n11.10. 18 &#8211; 20 Uhr, 12. 10. 14h K\u00fcnstlergespr\u00e4ch,\u00a0 17.10. 17-20 Uhr,<br \/>\nwenn Licht brennt, nach Voranmeldung,\u00a0 Finissage wird noch bekannt gegeben.<\/p>\n<p><img loading=\"lazy\" decoding=\"async\" class=\"size-full wp-image-612 alignnone\" src=\"http:\/\/kellergalerie.at\/wp-content\/uploads\/Rundgang-Heinecke-2019.jpg\" alt=\"\" width=\"533\" height=\"400\" srcset=\"http:\/\/kellergalerie.at\/wp-content\/uploads\/Rundgang-Heinecke-2019.jpg 533w, http:\/\/kellergalerie.at\/wp-content\/uploads\/Rundgang-Heinecke-2019-150x113.jpg 150w\" sizes=\"(max-width: 533px) 100vw, 533px\" \/><\/p>\n<p><a href=\"http:\/\/www.kulturimdritten.at\/wp-content\/uploads\/2019\/08\/000-Atelier-und-Galerierundgang-2019_A4_Seiten.pdf\">Link zum Folder<\/a><\/p>\n<p>Uta Heinecke ist anwesend: Freitag 17-20h und Samstag 14-20 Uhr. Samstag Kaffee + Kuchen und Kommunikation!<\/p>\n<p>Mit freundlicher Unterst\u00fctzung der Kulturkommission Landstra\u00dfe.<\/p>\n","protected":false},"excerpt":{"rendered":"<p>Freitag 27. und Sa. 28. Sept. 14-20 Uhr. | Rundgang Freitag 18 Uhr Teffpunkt in der Galerie. Weitere \u00d6ffnungszeiten mit Anwesenheit von UH: 11.10. 18 &#8211; 20 Uhr, 12. 10. 14h K\u00fcnstlergespr\u00e4ch,\u00a0 17.10. 17-20 Uhr, wenn Licht brennt, nach Voranmeldung,\u00a0 Finissage wird noch bekannt gegeben. Link zum Folder Uta Heinecke ist anwesend: Freitag 17-20h und [&hellip;]<\/p>\n","protected":false},"author":1,"featured_media":0,"comment_status":"closed","ping_status":"closed","sticky":false,"template":"","format":"standard","meta":{"footnotes":""},"categories":[1],"tags":[],"_links":{"self":[{"href":"http:\/\/www.kellergalerie.at\/index.php?rest_route=\/wp\/v2\/posts\/611"}],"collection":[{"href":"http:\/\/www.kellergalerie.at\/index.php?rest_route=\/wp\/v2\/posts"}],"about":[{"href":"http:\/\/www.kellergalerie.at\/index.php?rest_route=\/wp\/v2\/types\/post"}],"author":[{"embeddable":true,"href":"http:\/\/www.kellergalerie.at\/index.php?rest_route=\/wp\/v2\/users\/1"}],"replies":[{"embeddable":true,"href":"http:\/\/www.kellergalerie.at\/index.php?rest_route=%2Fwp%2Fv2%2Fcomments&post=611"}],"version-history":[{"count":7,"href":"http:\/\/www.kellergalerie.at\/index.php?rest_route=\/wp\/v2\/posts\/611\/revisions"}],"predecessor-version":[{"id":620,"href":"http:\/\/www.kellergalerie.at\/index.php?rest_route=\/wp\/v2\/posts\/611\/revisions\/620"}],"wp:attachment":[{"href":"http:\/\/www.kellergalerie.at\/index.php?rest_route=%2Fwp%2Fv2%2Fmedia&parent=611"}],"wp:term":[{"taxonomy":"category","embeddable":true,"href":"http:\/\/www.kellergalerie.at\/index.php?rest_route=%2Fwp%2Fv2%2Fcategories&post=611"},{"taxonomy":"post_tag","embeddable":true,"href":"http:\/\/www.kellergalerie.at\/index.php?rest_route=%2Fwp%2Fv2%2Ftags&post=611"}],"curies":[{"name":"wp","href":"https:\/\/api.w.org\/{rel}","templated":true}]}}