{"id":302,"date":"2015-03-20T11:58:31","date_gmt":"2015-03-20T09:58:31","guid":{"rendered":"http:\/\/www.kellergalerie.at\/?p=302"},"modified":"2018-04-26T09:03:46","modified_gmt":"2018-04-26T07:03:46","slug":"ausstellung-mein-dorf","status":"publish","type":"post","link":"http:\/\/www.kellergalerie.at\/?p=302","title":{"rendered":"Ausstellung &#8222;Mein Dorf&#8220;"},"content":{"rendered":"<p>Nach langer Zeit und auf besonderen Wunsch vieler G\u00e4ste der Kellergalerie art.ig soll wieder eine Ausstellung von Uta Heinecke in der Galerie stattfinden.<\/p>\n<div class=\"gmail_default\" style=\"font-family: tahoma,sans-serif;\"><strong>Am<\/strong> <b>2.4. (Gr\u00fcndonnerstag) 19 Uhr wird die Ausstellung &#8222;Mein Dorf&#8220; er\u00f6ffnet.<br \/>\n<\/b><\/div>\n<div class=\"gmail_default\" style=\"font-family: tahoma,sans-serif;\"><\/div>\n<div class=\"gmail_default\" style=\"font-family: tahoma,sans-serif;\">Dabei wird auch Uta Heineckes neuer Katalog pr\u00e4sentiert.<\/div>\n<p>&nbsp;<\/p>\n<div class=\"gmail_default\" style=\"font-family: tahoma,sans-serif;\"><\/div>\n<div class=\"gmail_default\" style=\"font-family: tahoma,sans-serif;\"><\/div>\n<div class=\"gmail_default\" style=\"font-family: tahoma,sans-serif;\"><a href=\"http:\/\/testwp.kellergalerie.at\/wp-content\/uploads\/2015\/03\/dorfgeschichten-2010-14-plus-15-P-hell-korr-skurve.jpg\"><img loading=\"lazy\" decoding=\"async\" class=\"alignnone wp-image-304 size-full\" src=\"http:\/\/testwp.kellergalerie.at\/wp-content\/uploads\/2015\/03\/dorfgeschichten-2010-14-plus-15-P-hell-korr-skurve.jpg\" alt=\"dorfgeschichten 2010-14 plus 15 P hell korr skurve\" width=\"881\" height=\"768\" srcset=\"http:\/\/kellergalerie.at\/wp-content\/uploads\/2015\/03\/dorfgeschichten-2010-14-plus-15-P-hell-korr-skurve.jpg 881w, http:\/\/kellergalerie.at\/wp-content\/uploads\/2015\/03\/dorfgeschichten-2010-14-plus-15-P-hell-korr-skurve-300x261.jpg 300w, http:\/\/kellergalerie.at\/wp-content\/uploads\/2015\/03\/dorfgeschichten-2010-14-plus-15-P-hell-korr-skurve-624x543.jpg 624w\" sizes=\"(max-width: 881px) 100vw, 881px\" \/><\/a><\/div>\n<p><em><strong>Uta Heinecke:<\/strong> Dorfgeschichten135 x 155cm, \u00d6l\/Leinwand, 21012-14<\/em><\/p>\n<p>Eines der zentralen Themen von Uta Heinecke ist die Suche nach den eigenen Wurzeln, der eigenen Identit\u00e4t, dem Zuhause, die vielleicht auch mit ihrem internationalen Lebenslauf zusammenh\u00e4ngt.<\/p>\n<p>Uta Heineckes Bilder stellen oft das Dorf und den Garten dar, in dem ihr Atelierhaus steht. Manchmal schlagen H\u00e4user Wurzeln, manchmal fahren Schiffe durch den Garten, werfen Anker oder segeln davon. Die Bilder handeln von Geborgenheit und Fernweh.<\/p>\n<p>Eines der Bilder von Uta Heinecke hei\u00dft &#8222;nach Hause kommen&#8220;. Vielleicht ist das Atelierhaus oder das Dorf in dem es steht, ihr Zuhause. Vielleicht ist es aber der Hafen um davon zu segeln in den Bildern oder in Gedanken.<\/p>\n<p>Die K\u00fcnstlerin l\u00e4dt uns zu einer Reise ein, in Gedanken und im Herzen.<\/p>\n<p>Die Ausstellung ist der erste Teil einer zweiteiligen Veranstaltungsreihe.<\/p>\n<p>&nbsp;<\/p>\n<p><strong>\u00d6ffnungszeiten<\/strong><\/p>\n<p>w\u00e4hrend der Ausstellung jeden Donnerstag 16-19 Uhr,<\/p>\n<p>jederzeit nach Voran\u00admeldung und wenn Licht brennt<\/p>\n<p><strong>Kontakt Verein i.ku\u00a0<\/strong>\u00a0 0676 335 37 43 | 0699 1909 51 77<\/p>\n","protected":false},"excerpt":{"rendered":"<p>Nach langer Zeit und auf besonderen Wunsch vieler G\u00e4ste der Kellergalerie art.ig soll wieder eine Ausstellung von Uta Heinecke in der Galerie stattfinden. Am 2.4. (Gr\u00fcndonnerstag) 19 Uhr wird die Ausstellung &#8222;Mein Dorf&#8220; er\u00f6ffnet. Dabei wird auch Uta Heineckes neuer Katalog pr\u00e4sentiert. &nbsp; Uta Heinecke: Dorfgeschichten135 x 155cm, \u00d6l\/Leinwand, 21012-14 Eines der zentralen Themen von [&hellip;]<\/p>\n","protected":false},"author":1,"featured_media":0,"comment_status":"closed","ping_status":"closed","sticky":false,"template":"","format":"standard","meta":{"footnotes":""},"categories":[1],"tags":[],"_links":{"self":[{"href":"http:\/\/www.kellergalerie.at\/index.php?rest_route=\/wp\/v2\/posts\/302"}],"collection":[{"href":"http:\/\/www.kellergalerie.at\/index.php?rest_route=\/wp\/v2\/posts"}],"about":[{"href":"http:\/\/www.kellergalerie.at\/index.php?rest_route=\/wp\/v2\/types\/post"}],"author":[{"embeddable":true,"href":"http:\/\/www.kellergalerie.at\/index.php?rest_route=\/wp\/v2\/users\/1"}],"replies":[{"embeddable":true,"href":"http:\/\/www.kellergalerie.at\/index.php?rest_route=%2Fwp%2Fv2%2Fcomments&post=302"}],"version-history":[{"count":12,"href":"http:\/\/www.kellergalerie.at\/index.php?rest_route=\/wp\/v2\/posts\/302\/revisions"}],"predecessor-version":[{"id":579,"href":"http:\/\/www.kellergalerie.at\/index.php?rest_route=\/wp\/v2\/posts\/302\/revisions\/579"}],"wp:attachment":[{"href":"http:\/\/www.kellergalerie.at\/index.php?rest_route=%2Fwp%2Fv2%2Fmedia&parent=302"}],"wp:term":[{"taxonomy":"category","embeddable":true,"href":"http:\/\/www.kellergalerie.at\/index.php?rest_route=%2Fwp%2Fv2%2Fcategories&post=302"},{"taxonomy":"post_tag","embeddable":true,"href":"http:\/\/www.kellergalerie.at\/index.php?rest_route=%2Fwp%2Fv2%2Ftags&post=302"}],"curies":[{"name":"wp","href":"https:\/\/api.w.org\/{rel}","templated":true}]}}