{"id":276,"date":"2014-08-29T12:27:15","date_gmt":"2014-08-29T10:27:15","guid":{"rendered":"http:\/\/www.kellergalerie.at\/?p=276"},"modified":"2014-08-29T12:27:15","modified_gmt":"2014-08-29T10:27:15","slug":"ausstellung-kunstbiennale-yalova","status":"publish","type":"post","link":"http:\/\/www.kellergalerie.at\/?p=276","title":{"rendered":"Ausstellung Kunstbiennale Yalova"},"content":{"rendered":"<h2><strong>Vernissage am 10.Oktober 2014, 19 Uhr<\/strong><\/h2>\n<div id=\"attachment_289\" style=\"width: 590px\" class=\"wp-caption alignleft\"><a href=\"http:\/\/testwp.kellergalerie.at\/wp-content\/uploads\/2014\/08\/P11501782.jpg\"><img loading=\"lazy\" decoding=\"async\" aria-describedby=\"caption-attachment-289\" class=\"wp-image-289\" src=\"http:\/\/testwp.kellergalerie.at\/wp-content\/uploads\/2014\/08\/P11501782.jpg\" alt=\"\" width=\"580\" height=\"399\" srcset=\"http:\/\/kellergalerie.at\/wp-content\/uploads\/2014\/08\/P11501782.jpg 1024w, http:\/\/kellergalerie.at\/wp-content\/uploads\/2014\/08\/P11501782-300x206.jpg 300w, http:\/\/kellergalerie.at\/wp-content\/uploads\/2014\/08\/P11501782-624x429.jpg 624w\" sizes=\"(max-width: 580px) 100vw, 580px\" \/><\/a><p id=\"caption-attachment-289\" class=\"wp-caption-text\">Nayg Istv\u00e1n: Yalova (Holz, Bildschirme etc.)<\/p><\/div>\n<p>Yalova ist die Hauptstadt der t\u00fcrkischen Provinz Yalova. Sie liegt am Marmarameer, nur 24 Seemeilen von Istanbul entfernt. Initiiert durch das Netzwerk FLhttp:\/\/ausstellungen.utaheinecke.at\/wp-admin\/post-new.phpUSS und den in Berlin lebenden T\u00fcrkischen K\u00fcnstler Asri Sayrac (Kurator der Biennale) wurde hier die Internationale Kunstbiennale in Yalova ins Leben gerufen. Das letzte Symposium fand 2013 statt.<\/p>\n<p>Die von der Stadt Yalova eingeladenen internationalen K\u00fcnstler (in diesem Jahr aus Deutschland, Spanien, Ungarn, \u00d6sterreich, Italien, Island, Frankreich, Argentinien, Gro\u00df-Britannien) arbeiteten intensiv 3 Wochen lang mit den ans\u00e4ssigen T\u00fcrkischen K\u00fcnstlern zusammen. So ist die Biennale nicht nur durch intensives K\u00fcnstlerisches Arbeiten, sondern vor allem durch den Austausch, auch kulturell und politisch, bestimmt.<\/p>\n<p>Einige Ergebnisse der Biennale werden nun in der Kellergalerie art.ig\u00a0 gezeigt.<\/p>\n<p><a href=\"https:\/\/picasaweb.google.com\/109867365150462953974\/MAMUYalovaExhibition2014#slideshow\/6025221769725339618\" target=\"_blank\">Fotos der Ausstellung Yalova, 2013 in der Galerie MAM\u00dc in Budapest<\/a><\/p>\n<p>&nbsp;<\/p>\n","protected":false},"excerpt":{"rendered":"<p>Vernissage am 10.Oktober 2014, 19 Uhr Yalova ist die Hauptstadt der t\u00fcrkischen Provinz Yalova. Sie liegt am Marmarameer, nur 24 Seemeilen von Istanbul entfernt. Initiiert durch das Netzwerk FLhttp:\/\/ausstellungen.utaheinecke.at\/wp-admin\/post-new.phpUSS und den in Berlin lebenden T\u00fcrkischen K\u00fcnstler Asri Sayrac (Kurator der Biennale) wurde hier die Internationale Kunstbiennale in Yalova ins Leben gerufen. Das letzte Symposium fand [&hellip;]<\/p>\n","protected":false},"author":1,"featured_media":277,"comment_status":"closed","ping_status":"closed","sticky":false,"template":"","format":"standard","meta":{"footnotes":""},"categories":[1],"tags":[],"_links":{"self":[{"href":"http:\/\/www.kellergalerie.at\/index.php?rest_route=\/wp\/v2\/posts\/276"}],"collection":[{"href":"http:\/\/www.kellergalerie.at\/index.php?rest_route=\/wp\/v2\/posts"}],"about":[{"href":"http:\/\/www.kellergalerie.at\/index.php?rest_route=\/wp\/v2\/types\/post"}],"author":[{"embeddable":true,"href":"http:\/\/www.kellergalerie.at\/index.php?rest_route=\/wp\/v2\/users\/1"}],"replies":[{"embeddable":true,"href":"http:\/\/www.kellergalerie.at\/index.php?rest_route=%2Fwp%2Fv2%2Fcomments&post=276"}],"version-history":[{"count":3,"href":"http:\/\/www.kellergalerie.at\/index.php?rest_route=\/wp\/v2\/posts\/276\/revisions"}],"predecessor-version":[{"id":291,"href":"http:\/\/www.kellergalerie.at\/index.php?rest_route=\/wp\/v2\/posts\/276\/revisions\/291"}],"wp:featuredmedia":[{"embeddable":true,"href":"http:\/\/www.kellergalerie.at\/index.php?rest_route=\/wp\/v2\/media\/277"}],"wp:attachment":[{"href":"http:\/\/www.kellergalerie.at\/index.php?rest_route=%2Fwp%2Fv2%2Fmedia&parent=276"}],"wp:term":[{"taxonomy":"category","embeddable":true,"href":"http:\/\/www.kellergalerie.at\/index.php?rest_route=%2Fwp%2Fv2%2Fcategories&post=276"},{"taxonomy":"post_tag","embeddable":true,"href":"http:\/\/www.kellergalerie.at\/index.php?rest_route=%2Fwp%2Fv2%2Ftags&post=276"}],"curies":[{"name":"wp","href":"https:\/\/api.w.org\/{rel}","templated":true}]}}